{"id":474,"date":"2025-08-16T12:29:35","date_gmt":"2025-08-16T12:29:35","guid":{"rendered":"https:\/\/perpedual.com\/?p=474"},"modified":"2025-09-22T11:58:17","modified_gmt":"2025-09-22T11:58:17","slug":"dlaczego-warto-uczyc-sie-niderlandzkiego-moja-flamandzka-perspektywa","status":"publish","type":"post","link":"https:\/\/perpedual.com\/en\/dlaczego-warto-uczyc-sie-niderlandzkiego-moja-flamandzka-perspektywa\/","title":{"rendered":"Why is it worth learning Dutch? My Flemish perspective"},"content":{"rendered":"<p>Dla mnie niderlandzki \u2013 a w\u0142a\u015bciwie <strong>flamandzki<\/strong> \u2013 nigdy nie by\u0142 czym\u015b obcym. Dorasta\u0142am w Belgii, a ten j\u0119zyk by\u0142 t\u0142em mojego dzieci\u0144stwa: bajkami z krasnalem Plopem, os\u0142uchuj\u0105c si\u0119 z r\u00f3\u017cnymi dialektami (co 20 km jest inny, nie \u017cartuj\u0119), nocowaniem u kole\u017canek, gdzie zawsze by\u0142y jakie\u015b gry, zabawy, \u015bmiech\u2026 i jasno okre\u015blona organizacja wydarze\u0144. Flamandowie maj\u0105 swoj\u0105 struktur\u0119 \u2013 i w\u0142a\u015bnie za to te\u017c ich lubi\u0119.<\/p>\n\n\n\n<p>Ten j\u0119zyk od zawsze kojarzy\u0142 mi si\u0119 z blisko\u015bci\u0105, struktur\u0105 i tak\u0105 naturaln\u0105 bezpo\u015brednio\u015bci\u0105. Nie by\u0142 mo\u017ce mi\u0119kki jak francuski, ale by\u0142 <strong>prawdziwy, u\u017cyteczny i osadzony w codzienno\u015bci<\/strong>. Z czasem zrozumia\u0142am, jak ogromn\u0105 warto\u015b\u0107 ma dla os\u00f3b, kt\u00f3re zaczynaj\u0105 si\u0119 go uczy\u0107 \u2013 i jak wiele mo\u017cna dzi\u0119ki niemu zyska\u0107.<\/p>\n\n\n\n<p>Wiele os\u00f3b pyta mnie, czy warto uczy\u0107 si\u0119 niderlandzkiego, skoro \u201ewszyscy w Holandii i Belgii m\u00f3wi\u0105 po angielsku\u201d. Owszem, wielu m\u00f3wi. Ale niderlandzki daje <strong>zupe\u0142nie inny poziom relacji<\/strong> \u2013 pozwala naprawd\u0119 wej\u015b\u0107 w lokaln\u0105 rzeczywisto\u015b\u0107, rozumie\u0107 kontekst, reagowa\u0107 naturalnie. I zwyczajnie \u2013 <strong>by\u0107 bli\u017cej ludzi<\/strong>.<\/p>\n\n\n\n<p>Ten j\u0119zyk bywa postrzegany jako trudny, cho\u0107 moim zdaniem to zale\u017cy. Dla niekt\u00f3rych jego logika i uporz\u0105dkowanie s\u0105 przyst\u0119pne, dla innych wyzwaniem mo\u017ce by\u0107 wymowa czy budowa zda\u0144. Nie da si\u0119 te\u017c zaprzeczy\u0107, \u017ce niderlandzki to j\u0119zyk <strong>bezpo\u015bredni i konkretny<\/strong> \u2013 co zmienia spos\u00f3b my\u015blenia i formu\u0142owania wypowiedzi, zw\u0142aszcza w por\u00f3wnaniu do bogatego, rozwini\u0119tego stylu charakterystycznego dla j\u0119zyka polskiego.<\/p>\n\n\n\n<p>W moich lekcjach zawsze \u0142\u0105cz\u0119 <strong>j\u0119zyk z realnym u\u017cyciem i rozmow\u0105<\/strong> \u2013 uczymy si\u0119 m\u00f3wi\u0107 tak, jak m\u00f3wi\u0105 Belgowie czy Holendrzy naprawd\u0119, nie tylko podr\u0119cznikowo. Rozmawiamy o wszystkim: pracy, \u017cyciu, r\u00f3\u017cnicach kulturowych, \u015bmiesznych s\u0142\u00f3wkach i tych momentach, kiedy nasze umiej\u0119tno\u015bci przez chwil\u0119 \u201enie dzia\u0142aj\u0105\u201d \u2013 a my uczymy si\u0119 z tego \u015bmia\u0107 i i\u015b\u0107 dalej.<\/p>\n\n\n\n<p>Najwi\u0119ksz\u0105 warto\u015bci\u0105, jak\u0105 daje znajomo\u015b\u0107 niderlandzkiego, jest dla mnie <strong>uczucie przynale\u017cno\u015bci<\/strong>. To ten moment, gdy rozumiesz \u017cart w sklepie, mo\u017cesz spontanicznie zagada\u0107 s\u0105siada albo nie czujesz si\u0119 zagubiona w lokalnym urz\u0119dzie. Jeste\u015b cz\u0119\u015bci\u0105 \u015bwiata, kt\u00f3ry wcze\u015bniej by\u0142 troch\u0119 za szyb\u0105.<\/p>\n\n\n\n<p>Czy warto uczy\u0107 si\u0119 niderlandzkiego? Z ca\u0142ego serca \u2013 tak.<br>Bo to nie tylko j\u0119zyk. To <strong>nowy spos\u00f3b my\u015blenia, relacje, odwaga i masa nowych mo\u017cliwo\u015bci<\/strong>. I cho\u0107 brzmi inaczej ni\u017c to, co znamy z Polski \u2013 z czasem staje si\u0119 przyjemnie znajomy. Zw\u0142aszcza je\u015bli pozwolisz mu wej\u015b\u0107 do swojego \u017cycia przez emocje, wspomnienia, troch\u0119 \u015bmiechu i (holenderskiego) dystansu do siebie\u2026.<\/p>","protected":false},"excerpt":{"rendered":"<p>Dla mnie niderlandzki \u2013 a w\u0142a\u015bciwie flamandzki \u2013 nigdy nie by\u0142 czym\u015b obcym. Dorasta\u0142am w Belgii, a ten j\u0119zyk by\u0142 t\u0142em mojego dzieci\u0144stwa: bajkami z krasnalem Plopem, os\u0142uchuj\u0105c si\u0119 z r\u00f3\u017cnymi dialektami (co 20 km jest inny, nie \u017cartuj\u0119), nocowaniem u kole\u017canek, gdzie zawsze by\u0142y jakie\u015b gry, zabawy, \u015bmiech\u2026 i jasno okre\u015blona organizacja wydarze\u0144. Flamandowie [&hellip;]<\/p>","protected":false},"author":1,"featured_media":1015,"comment_status":"open","ping_status":"open","sticky":false,"template":"","format":"standard","meta":{"footnotes":""},"categories":[1],"tags":[],"class_list":["post-474","post","type-post","status-publish","format-standard","has-post-thumbnail","hentry","category-uncategorized"],"aioseo_notices":[],"aioseo_head":"\n\t\t<!-- All in One SEO Pro 4.8.3.2 - aioseo.com -->\n\t<meta name=\"description\" content=\"Dla mnie niderlandzki \u2013 a w\u0142a\u015bciwie flamandzki \u2013 nigdy nie by\u0142 czym\u015b obcym. Dorasta\u0142am w Belgii, a ten j\u0119zyk by\u0142 t\u0142em mojego dzieci\u0144stwa: bajkami z krasnalem Plopem, os\u0142uchuj\u0105c si\u0119 z r\u00f3\u017cnymi dialektami (co 20 km jest inny, nie \u017cartuj\u0119), nocowaniem u kole\u017canek, gdzie zawsze by\u0142y jakie\u015b gry, zabawy, \u015bmiech\u2026 i jasno okre\u015blona organizacja wydarze\u0144. Flamandowie\" \/>\r\n\t<meta name=\"robots\" content=\"max-image-preview:large\" \/>\r\n\t<meta name=\"author\" content=\"calero2010@gmail.com\"\/>\r\n\t<link rel=\"canonical\" href=\"https:\/\/perpedual.com\/en\/dlaczego-warto-uczyc-sie-niderlandzkiego-moja-flamandzka-perspektywa\/\" \/>\r\n\t<meta name=\"generator\" content=\"All in One SEO Pro (AIOSEO) 4.8.3.2\" \/>\r\n\t\t<meta property=\"og:locale\" content=\"en_US\" \/>\r\n\t\t<meta property=\"og:site_name\" content=\"Perpedual - Kreatywne studio j\u0119zyk\u00f3w obcych i ta\u0144ca\" \/>\r\n\t\t<meta property=\"og:type\" content=\"article\" \/>\r\n\t\t<meta property=\"og:title\" content=\"Dlaczego warto uczy\u0107 si\u0119 niderlandzkiego? Moja flamandzka perspektywa - Perpedual\" \/>\r\n\t\t<meta property=\"og:description\" content=\"Dla mnie niderlandzki \u2013 a w\u0142a\u015bciwie flamandzki \u2013 nigdy nie by\u0142 czym\u015b obcym. Dorasta\u0142am w Belgii, a ten j\u0119zyk by\u0142 t\u0142em mojego dzieci\u0144stwa: bajkami z krasnalem Plopem, os\u0142uchuj\u0105c si\u0119 z r\u00f3\u017cnymi dialektami (co 20 km jest inny, nie \u017cartuj\u0119), nocowaniem u kole\u017canek, gdzie zawsze by\u0142y jakie\u015b gry, zabawy, \u015bmiech\u2026 i jasno okre\u015blona organizacja wydarze\u0144. Flamandowie\" \/>\r\n\t\t<meta property=\"og:url\" content=\"https:\/\/perpedual.com\/en\/dlaczego-warto-uczyc-sie-niderlandzkiego-moja-flamandzka-perspektywa\/\" \/>\r\n\t\t<meta property=\"og:image\" content=\"https:\/\/perpedual.com\/wp-content\/uploads\/2025\/08\/logo-main.png\" \/>\r\n\t\t<meta property=\"og:image:secure_url\" content=\"https:\/\/perpedual.com\/wp-content\/uploads\/2025\/08\/logo-main.png\" \/>\r\n\t\t<meta property=\"og:image:width\" content=\"500\" \/>\r\n\t\t<meta property=\"og:image:height\" content=\"500\" \/>\r\n\t\t<meta property=\"article:published_time\" content=\"2025-08-16T12:29:35+00:00\" \/>\r\n\t\t<meta property=\"article:modified_time\" content=\"2025-09-22T11:58:17+00:00\" \/>\r\n\t\t<meta property=\"article:publisher\" content=\"https:\/\/www.facebook.com\/perpedual\" \/>\r\n\t\t<meta name=\"twitter:card\" content=\"summary_large_image\" \/>\r\n\t\t<meta name=\"twitter:title\" content=\"Dlaczego warto uczy\u0107 si\u0119 niderlandzkiego? Moja flamandzka perspektywa - Perpedual\" \/>\r\n\t\t<meta name=\"twitter:description\" content=\"Dla mnie niderlandzki \u2013 a w\u0142a\u015bciwie flamandzki \u2013 nigdy nie by\u0142 czym\u015b obcym. Dorasta\u0142am w Belgii, a ten j\u0119zyk by\u0142 t\u0142em mojego dzieci\u0144stwa: bajkami z krasnalem Plopem, os\u0142uchuj\u0105c si\u0119 z r\u00f3\u017cnymi dialektami (co 20 km jest inny, nie \u017cartuj\u0119), nocowaniem u kole\u017canek, gdzie zawsze by\u0142y jakie\u015b gry, zabawy, \u015bmiech\u2026 i jasno okre\u015blona organizacja wydarze\u0144. Flamandowie\" \/>\r\n\t\t<meta name=\"twitter:image\" content=\"https:\/\/perpedual.com\/wp-content\/uploads\/2025\/08\/logo-main.png\" \/>\r\n\t\t<script type=\"application\/ld+json\" class=\"aioseo-schema\">\r\n\t\t\t{\"@context\":\"https:\\\/\\\/schema.org\",\"@graph\":[{\"@type\":\"BreadcrumbList\",\"@id\":\"https:\\\/\\\/perpedual.com\\\/en\\\/dlaczego-warto-uczyc-sie-niderlandzkiego-moja-flamandzka-perspektywa\\\/#breadcrumblist\",\"itemListElement\":[{\"@type\":\"ListItem\",\"@id\":\"https:\\\/\\\/perpedual.com\\\/en#listItem\",\"position\":1,\"name\":\"Home\",\"item\":\"https:\\\/\\\/perpedual.com\\\/en\",\"nextItem\":{\"@type\":\"ListItem\",\"@id\":\"https:\\\/\\\/perpedual.com\\\/en\\\/category\\\/uncategorized\\\/#listItem\",\"name\":\"Uncategorized\"}},{\"@type\":\"ListItem\",\"@id\":\"https:\\\/\\\/perpedual.com\\\/en\\\/category\\\/uncategorized\\\/#listItem\",\"position\":2,\"name\":\"Uncategorized\",\"item\":\"https:\\\/\\\/perpedual.com\\\/en\\\/category\\\/uncategorized\\\/\",\"nextItem\":{\"@type\":\"ListItem\",\"@id\":\"https:\\\/\\\/perpedual.com\\\/en\\\/dlaczego-warto-uczyc-sie-niderlandzkiego-moja-flamandzka-perspektywa\\\/#listItem\",\"name\":\"Dlaczego warto uczy\\u0107 si\\u0119 niderlandzkiego? Moja flamandzka perspektywa\"},\"previousItem\":{\"@type\":\"ListItem\",\"@id\":\"https:\\\/\\\/perpedual.com\\\/en#listItem\",\"name\":\"Home\"}},{\"@type\":\"ListItem\",\"@id\":\"https:\\\/\\\/perpedual.com\\\/en\\\/dlaczego-warto-uczyc-sie-niderlandzkiego-moja-flamandzka-perspektywa\\\/#listItem\",\"position\":3,\"name\":\"Dlaczego warto uczy\\u0107 si\\u0119 niderlandzkiego? Moja flamandzka perspektywa\",\"previousItem\":{\"@type\":\"ListItem\",\"@id\":\"https:\\\/\\\/perpedual.com\\\/en\\\/category\\\/uncategorized\\\/#listItem\",\"name\":\"Uncategorized\"}}]},{\"@type\":\"Organization\",\"@id\":\"https:\\\/\\\/perpedual.com\\\/en\\\/#organization\",\"name\":\"Perpedual\",\"description\":\"Kreatywne studio j\\u0119zyk\\u00f3w obcych i ta\\u0144ca\",\"url\":\"https:\\\/\\\/perpedual.com\\\/en\\\/\",\"telephone\":\"+48603335006\",\"logo\":{\"@type\":\"ImageObject\",\"url\":\"https:\\\/\\\/perpedual.com\\\/wp-content\\\/uploads\\\/2025\\\/08\\\/logo-main.png\",\"@id\":\"https:\\\/\\\/perpedual.com\\\/en\\\/dlaczego-warto-uczyc-sie-niderlandzkiego-moja-flamandzka-perspektywa\\\/#organizationLogo\",\"width\":500,\"height\":500,\"caption\":\"logo main\"},\"image\":{\"@id\":\"https:\\\/\\\/perpedual.com\\\/en\\\/dlaczego-warto-uczyc-sie-niderlandzkiego-moja-flamandzka-perspektywa\\\/#organizationLogo\"},\"sameAs\":[\"https:\\\/\\\/www.facebook.com\\\/perpedual\",\"https:\\\/\\\/www.instagram.com\\\/perpedual?utm_source=ig_web_button_share_sheet&igsh=MXZ2Y3hxem15cWdtNQ==\",\"https:\\\/\\\/www.tiktok.com\\\/@perpedual?is_from_webapp=1&sender_device=pc\"]},{\"@type\":\"Person\",\"@id\":\"https:\\\/\\\/perpedual.com\\\/en\\\/author\\\/calero2010gmail-com\\\/#author\",\"url\":\"https:\\\/\\\/perpedual.com\\\/en\\\/author\\\/calero2010gmail-com\\\/\",\"name\":\"calero2010@gmail.com\",\"image\":{\"@type\":\"ImageObject\",\"@id\":\"https:\\\/\\\/perpedual.com\\\/en\\\/dlaczego-warto-uczyc-sie-niderlandzkiego-moja-flamandzka-perspektywa\\\/#authorImage\",\"url\":\"https:\\\/\\\/secure.gravatar.com\\\/avatar\\\/1b097008fea7c0b844f6d47ee223ee0a5e1255af94fb3cbeea2c0d0ace4ce039?s=96&d=mm&r=g\",\"width\":96,\"height\":96,\"caption\":\"calero2010@gmail.com\"}},{\"@type\":\"WebPage\",\"@id\":\"https:\\\/\\\/perpedual.com\\\/en\\\/dlaczego-warto-uczyc-sie-niderlandzkiego-moja-flamandzka-perspektywa\\\/#webpage\",\"url\":\"https:\\\/\\\/perpedual.com\\\/en\\\/dlaczego-warto-uczyc-sie-niderlandzkiego-moja-flamandzka-perspektywa\\\/\",\"name\":\"Dlaczego warto uczy\\u0107 si\\u0119 niderlandzkiego? Moja flamandzka perspektywa - Perpedual\",\"description\":\"Dla mnie niderlandzki \\u2013 a w\\u0142a\\u015bciwie flamandzki \\u2013 nigdy nie by\\u0142 czym\\u015b obcym. Dorasta\\u0142am w Belgii, a ten j\\u0119zyk by\\u0142 t\\u0142em mojego dzieci\\u0144stwa: bajkami z krasnalem Plopem, os\\u0142uchuj\\u0105c si\\u0119 z r\\u00f3\\u017cnymi dialektami (co 20 km jest inny, nie \\u017cartuj\\u0119), nocowaniem u kole\\u017canek, gdzie zawsze by\\u0142y jakie\\u015b gry, zabawy, \\u015bmiech\\u2026 i jasno okre\\u015blona organizacja wydarze\\u0144. Flamandowie\",\"inLanguage\":\"en-US\",\"isPartOf\":{\"@id\":\"https:\\\/\\\/perpedual.com\\\/en\\\/#website\"},\"breadcrumb\":{\"@id\":\"https:\\\/\\\/perpedual.com\\\/en\\\/dlaczego-warto-uczyc-sie-niderlandzkiego-moja-flamandzka-perspektywa\\\/#breadcrumblist\"},\"author\":{\"@id\":\"https:\\\/\\\/perpedual.com\\\/en\\\/author\\\/calero2010gmail-com\\\/#author\"},\"creator\":{\"@id\":\"https:\\\/\\\/perpedual.com\\\/en\\\/author\\\/calero2010gmail-com\\\/#author\"},\"image\":{\"@type\":\"ImageObject\",\"url\":\"https:\\\/\\\/perpedual.com\\\/wp-content\\\/uploads\\\/2025\\\/08\\\/4-1.png\",\"@id\":\"https:\\\/\\\/perpedual.com\\\/en\\\/dlaczego-warto-uczyc-sie-niderlandzkiego-moja-flamandzka-perspektywa\\\/#mainImage\",\"width\":1080,\"height\":720,\"caption\":\"4 1\"},\"primaryImageOfPage\":{\"@id\":\"https:\\\/\\\/perpedual.com\\\/en\\\/dlaczego-warto-uczyc-sie-niderlandzkiego-moja-flamandzka-perspektywa\\\/#mainImage\"},\"datePublished\":\"2025-08-16T12:29:35+00:00\",\"dateModified\":\"2025-09-22T11:58:17+00:00\"},{\"@type\":\"WebSite\",\"@id\":\"https:\\\/\\\/perpedual.com\\\/en\\\/#website\",\"url\":\"https:\\\/\\\/perpedual.com\\\/en\\\/\",\"name\":\"Perpedual\",\"description\":\"Kreatywne studio j\\u0119zyk\\u00f3w obcych i ta\\u0144ca\",\"inLanguage\":\"en-US\",\"publisher\":{\"@id\":\"https:\\\/\\\/perpedual.com\\\/en\\\/#organization\"}}]}\n\t\t<\/script>\r\n\t\t<!-- All in One SEO Pro -->\r\n\t\t<title>Dlaczego warto uczy\u0107 si\u0119 niderlandzkiego? Moja flamandzka perspektywa - Perpedual<\/title>\n\n","aioseo_head_json":{"title":"Dlaczego warto uczy\u0107 si\u0119 niderlandzkiego? Moja flamandzka perspektywa - Perpedual","description":"Dla mnie niderlandzki \u2013 a w\u0142a\u015bciwie flamandzki \u2013 nigdy nie by\u0142 czym\u015b obcym. Dorasta\u0142am w Belgii, a ten j\u0119zyk by\u0142 t\u0142em mojego dzieci\u0144stwa: bajkami z krasnalem Plopem, os\u0142uchuj\u0105c si\u0119 z r\u00f3\u017cnymi dialektami (co 20 km jest inny, nie \u017cartuj\u0119), nocowaniem u kole\u017canek, gdzie zawsze by\u0142y jakie\u015b gry, zabawy, \u015bmiech\u2026 i jasno okre\u015blona organizacja wydarze\u0144. Flamandowie","canonical_url":"https:\/\/perpedual.com\/en\/dlaczego-warto-uczyc-sie-niderlandzkiego-moja-flamandzka-perspektywa\/","robots":"max-image-preview:large","keywords":"","webmasterTools":{"miscellaneous":""},"schema":{"@context":"https:\/\/schema.org","@graph":[{"@type":"BreadcrumbList","@id":"https:\/\/perpedual.com\/en\/dlaczego-warto-uczyc-sie-niderlandzkiego-moja-flamandzka-perspektywa\/#breadcrumblist","itemListElement":[{"@type":"ListItem","@id":"https:\/\/perpedual.com\/en#listItem","position":1,"name":"Home","item":"https:\/\/perpedual.com\/en","nextItem":{"@type":"ListItem","@id":"https:\/\/perpedual.com\/en\/category\/uncategorized\/#listItem","name":"Uncategorized"}},{"@type":"ListItem","@id":"https:\/\/perpedual.com\/en\/category\/uncategorized\/#listItem","position":2,"name":"Uncategorized","item":"https:\/\/perpedual.com\/en\/category\/uncategorized\/","nextItem":{"@type":"ListItem","@id":"https:\/\/perpedual.com\/en\/dlaczego-warto-uczyc-sie-niderlandzkiego-moja-flamandzka-perspektywa\/#listItem","name":"Dlaczego warto uczy\u0107 si\u0119 niderlandzkiego? Moja flamandzka perspektywa"},"previousItem":{"@type":"ListItem","@id":"https:\/\/perpedual.com\/en#listItem","name":"Home"}},{"@type":"ListItem","@id":"https:\/\/perpedual.com\/en\/dlaczego-warto-uczyc-sie-niderlandzkiego-moja-flamandzka-perspektywa\/#listItem","position":3,"name":"Dlaczego warto uczy\u0107 si\u0119 niderlandzkiego? Moja flamandzka perspektywa","previousItem":{"@type":"ListItem","@id":"https:\/\/perpedual.com\/en\/category\/uncategorized\/#listItem","name":"Uncategorized"}}]},{"@type":"Organization","@id":"https:\/\/perpedual.com\/en\/#organization","name":"Perpedual","description":"Kreatywne studio j\u0119zyk\u00f3w obcych i ta\u0144ca","url":"https:\/\/perpedual.com\/en\/","telephone":"+48603335006","logo":{"@type":"ImageObject","url":"https:\/\/perpedual.com\/wp-content\/uploads\/2025\/08\/logo-main.png","@id":"https:\/\/perpedual.com\/en\/dlaczego-warto-uczyc-sie-niderlandzkiego-moja-flamandzka-perspektywa\/#organizationLogo","width":500,"height":500,"caption":"logo main"},"image":{"@id":"https:\/\/perpedual.com\/en\/dlaczego-warto-uczyc-sie-niderlandzkiego-moja-flamandzka-perspektywa\/#organizationLogo"},"sameAs":["https:\/\/www.facebook.com\/perpedual","https:\/\/www.instagram.com\/perpedual?utm_source=ig_web_button_share_sheet&igsh=MXZ2Y3hxem15cWdtNQ==","https:\/\/www.tiktok.com\/@perpedual?is_from_webapp=1&sender_device=pc"]},{"@type":"Person","@id":"https:\/\/perpedual.com\/en\/author\/calero2010gmail-com\/#author","url":"https:\/\/perpedual.com\/en\/author\/calero2010gmail-com\/","name":"calero2010@gmail.com","image":{"@type":"ImageObject","@id":"https:\/\/perpedual.com\/en\/dlaczego-warto-uczyc-sie-niderlandzkiego-moja-flamandzka-perspektywa\/#authorImage","url":"https:\/\/secure.gravatar.com\/avatar\/1b097008fea7c0b844f6d47ee223ee0a5e1255af94fb3cbeea2c0d0ace4ce039?s=96&d=mm&r=g","width":96,"height":96,"caption":"calero2010@gmail.com"}},{"@type":"WebPage","@id":"https:\/\/perpedual.com\/en\/dlaczego-warto-uczyc-sie-niderlandzkiego-moja-flamandzka-perspektywa\/#webpage","url":"https:\/\/perpedual.com\/en\/dlaczego-warto-uczyc-sie-niderlandzkiego-moja-flamandzka-perspektywa\/","name":"Dlaczego warto uczy\u0107 si\u0119 niderlandzkiego? Moja flamandzka perspektywa - Perpedual","description":"Dla mnie niderlandzki \u2013 a w\u0142a\u015bciwie flamandzki \u2013 nigdy nie by\u0142 czym\u015b obcym. Dorasta\u0142am w Belgii, a ten j\u0119zyk by\u0142 t\u0142em mojego dzieci\u0144stwa: bajkami z krasnalem Plopem, os\u0142uchuj\u0105c si\u0119 z r\u00f3\u017cnymi dialektami (co 20 km jest inny, nie \u017cartuj\u0119), nocowaniem u kole\u017canek, gdzie zawsze by\u0142y jakie\u015b gry, zabawy, \u015bmiech\u2026 i jasno okre\u015blona organizacja wydarze\u0144. Flamandowie","inLanguage":"en-US","isPartOf":{"@id":"https:\/\/perpedual.com\/en\/#website"},"breadcrumb":{"@id":"https:\/\/perpedual.com\/en\/dlaczego-warto-uczyc-sie-niderlandzkiego-moja-flamandzka-perspektywa\/#breadcrumblist"},"author":{"@id":"https:\/\/perpedual.com\/en\/author\/calero2010gmail-com\/#author"},"creator":{"@id":"https:\/\/perpedual.com\/en\/author\/calero2010gmail-com\/#author"},"image":{"@type":"ImageObject","url":"https:\/\/perpedual.com\/wp-content\/uploads\/2025\/08\/4-1.png","@id":"https:\/\/perpedual.com\/en\/dlaczego-warto-uczyc-sie-niderlandzkiego-moja-flamandzka-perspektywa\/#mainImage","width":1080,"height":720,"caption":"4 1"},"primaryImageOfPage":{"@id":"https:\/\/perpedual.com\/en\/dlaczego-warto-uczyc-sie-niderlandzkiego-moja-flamandzka-perspektywa\/#mainImage"},"datePublished":"2025-08-16T12:29:35+00:00","dateModified":"2025-09-22T11:58:17+00:00"},{"@type":"WebSite","@id":"https:\/\/perpedual.com\/en\/#website","url":"https:\/\/perpedual.com\/en\/","name":"Perpedual","description":"Kreatywne studio j\u0119zyk\u00f3w obcych i ta\u0144ca","inLanguage":"en-US","publisher":{"@id":"https:\/\/perpedual.com\/en\/#organization"}}]},"og:locale":"en_US","og:site_name":"Perpedual - Kreatywne studio j\u0119zyk\u00f3w obcych i ta\u0144ca","og:type":"article","og:title":"Dlaczego warto uczy\u0107 si\u0119 niderlandzkiego? Moja flamandzka perspektywa - Perpedual","og:description":"Dla mnie niderlandzki \u2013 a w\u0142a\u015bciwie flamandzki \u2013 nigdy nie by\u0142 czym\u015b obcym. Dorasta\u0142am w Belgii, a ten j\u0119zyk by\u0142 t\u0142em mojego dzieci\u0144stwa: bajkami z krasnalem Plopem, os\u0142uchuj\u0105c si\u0119 z r\u00f3\u017cnymi dialektami (co 20 km jest inny, nie \u017cartuj\u0119), nocowaniem u kole\u017canek, gdzie zawsze by\u0142y jakie\u015b gry, zabawy, \u015bmiech\u2026 i jasno okre\u015blona organizacja wydarze\u0144. Flamandowie","og:url":"https:\/\/perpedual.com\/en\/dlaczego-warto-uczyc-sie-niderlandzkiego-moja-flamandzka-perspektywa\/","og:image":"https:\/\/perpedual.com\/wp-content\/uploads\/2025\/08\/logo-main.png","og:image:secure_url":"https:\/\/perpedual.com\/wp-content\/uploads\/2025\/08\/logo-main.png","og:image:width":500,"og:image:height":500,"article:published_time":"2025-08-16T12:29:35+00:00","article:modified_time":"2025-09-22T11:58:17+00:00","article:publisher":"https:\/\/www.facebook.com\/perpedual","twitter:card":"summary_large_image","twitter:title":"Dlaczego warto uczy\u0107 si\u0119 niderlandzkiego? Moja flamandzka perspektywa - Perpedual","twitter:description":"Dla mnie niderlandzki \u2013 a w\u0142a\u015bciwie flamandzki \u2013 nigdy nie by\u0142 czym\u015b obcym. Dorasta\u0142am w Belgii, a ten j\u0119zyk by\u0142 t\u0142em mojego dzieci\u0144stwa: bajkami z krasnalem Plopem, os\u0142uchuj\u0105c si\u0119 z r\u00f3\u017cnymi dialektami (co 20 km jest inny, nie \u017cartuj\u0119), nocowaniem u kole\u017canek, gdzie zawsze by\u0142y jakie\u015b gry, zabawy, \u015bmiech\u2026 i jasno okre\u015blona organizacja wydarze\u0144. Flamandowie","twitter:image":"https:\/\/perpedual.com\/wp-content\/uploads\/2025\/08\/logo-main.png"},"aioseo_meta_data":{"post_id":"474","title":null,"description":null,"keywords":null,"keyphrases":null,"canonical_url":null,"og_title":null,"og_description":null,"og_object_type":"default","og_image_type":"default","og_image_custom_url":null,"og_image_custom_fields":null,"og_custom_image_width":null,"og_custom_image_height":null,"og_video":null,"og_custom_url":null,"og_article_section":null,"og_article_tags":null,"twitter_use_og":true,"twitter_card":"default","twitter_image_type":"default","twitter_image_custom_url":null,"twitter_image_custom_fields":null,"twitter_title":null,"twitter_description":null,"schema_type":null,"schema_type_options":null,"pillar_content":false,"robots_default":true,"robots_noindex":false,"robots_noarchive":false,"robots_nosnippet":false,"robots_nofollow":false,"robots_noimageindex":false,"robots_noodp":false,"robots_notranslate":false,"robots_max_snippet":null,"robots_max_videopreview":null,"robots_max_imagepreview":"none","tabs":null,"priority":null,"frequency":null,"local_seo":null,"created":"2025-09-22 10:39:02","updated":"2026-04-30 09:55:30"},"aioseo_breadcrumb":"<div class=\"aioseo-breadcrumbs\"><span class=\"aioseo-breadcrumb\">\r\n\t<a href=\"https:\/\/perpedual.com\/en\" title=\"Home\">Home<\/a>\r\n<\/span><span class=\"aioseo-breadcrumb-separator\">&raquo;<\/span><span class=\"aioseo-breadcrumb\">\r\n\t<a href=\"https:\/\/perpedual.com\/en\/category\/uncategorized\/\" title=\"Uncategorized\">Uncategorized<\/a>\r\n<\/span><span class=\"aioseo-breadcrumb-separator\">&raquo;<\/span><span class=\"aioseo-breadcrumb\">\r\n\tDlaczego warto uczy\u0107 si\u0119 niderlandzkiego? Moja flamandzka perspektywa\r\n<\/span><\/div>","aioseo_breadcrumb_json":[{"label":"Home","link":"https:\/\/perpedual.com\/en"},{"label":"Uncategorized","link":"https:\/\/perpedual.com\/en\/category\/uncategorized\/"},{"label":"Dlaczego warto uczy\u0107 si\u0119 niderlandzkiego? Moja flamandzka perspektywa","link":"https:\/\/perpedual.com\/en\/dlaczego-warto-uczyc-sie-niderlandzkiego-moja-flamandzka-perspektywa\/"}],"_links":{"self":[{"href":"https:\/\/perpedual.com\/en\/wp-json\/wp\/v2\/posts\/474","targetHints":{"allow":["GET"]}}],"collection":[{"href":"https:\/\/perpedual.com\/en\/wp-json\/wp\/v2\/posts"}],"about":[{"href":"https:\/\/perpedual.com\/en\/wp-json\/wp\/v2\/types\/post"}],"author":[{"embeddable":true,"href":"https:\/\/perpedual.com\/en\/wp-json\/wp\/v2\/users\/1"}],"replies":[{"embeddable":true,"href":"https:\/\/perpedual.com\/en\/wp-json\/wp\/v2\/comments?post=474"}],"version-history":[{"count":0,"href":"https:\/\/perpedual.com\/en\/wp-json\/wp\/v2\/posts\/474\/revisions"}],"wp:featuredmedia":[{"embeddable":true,"href":"https:\/\/perpedual.com\/en\/wp-json\/wp\/v2\/media\/1015"}],"wp:attachment":[{"href":"https:\/\/perpedual.com\/en\/wp-json\/wp\/v2\/media?parent=474"}],"wp:term":[{"taxonomy":"category","embeddable":true,"href":"https:\/\/perpedual.com\/en\/wp-json\/wp\/v2\/categories?post=474"},{"taxonomy":"post_tag","embeddable":true,"href":"https:\/\/perpedual.com\/en\/wp-json\/wp\/v2\/tags?post=474"}],"curies":[{"name":"wp","href":"https:\/\/api.w.org\/{rel}","templated":true}]}}