{"id":472,"date":"2025-08-16T12:28:47","date_gmt":"2025-08-16T12:28:47","guid":{"rendered":"https:\/\/perpedual.com\/?p=472"},"modified":"2025-09-22T11:58:17","modified_gmt":"2025-09-22T11:58:17","slug":"czy-warto-jechac-na-kube","status":"publish","type":"post","link":"https:\/\/perpedual.com\/en\/czy-warto-jechac-na-kube\/","title":{"rendered":"Czy warto odwiedzi\u0107 Kub\u0119? Rajskie pla\u017ce i codzienno\u015b\u0107 bez filtra"},"content":{"rendered":"<p id=\"yui_3_17_2_1_1755347294584_428\">Kuba to kraj, kt\u00f3ry albo si\u0119 pokocha od pierwszego wejrzenia, albo&#8230; pokocha za drugim razem. To miejsce, kt\u00f3re wykracza poza klasyczne &#8222;rajskie wakacje&#8221;. To podr\u00f3\u017c w czasie, emocjach i kulturze.<\/p>\n\n\n\n<p>Na pierwszy rzut oka zachwyca kolorami: pastelowe fasady Hawany, zielone plantacje tytoniu w Vi\u00f1ales i turkusowe morze w Varadero. Ale Kuba to co\u015b wi\u0119cej ni\u017c widoki. To muzyka, kt\u00f3ra rozbrzmiewa na ka\u017cdym rogu, taniec, kt\u00f3ry przenika codzienno\u015b\u0107, i ludzie \u2013 serdeczni, otwarci, z ogromn\u0105 wol\u0105 \u017cycia mimo trudno\u015bci.<\/p>\n\n\n\n<p>Jako Europejka d\u0142ugo si\u0119 zastanawia\u0142am, czy po raz drugi pojecha\u0107 na Kub\u0119. Po pierwszej wizycie zosta\u0142o we mnie wiele emocji \u2013 tych dobrych, ale i tych trudniejszych. Teraz jednak nadarza si\u0119 okazja, by wr\u00f3ci\u0107 \u2013 ju\u017c tego lata. Tym razem g\u0142\u00f3wnym powodem jest rodzina Jos\u00e9, kt\u00f3ra tam czeka. I cho\u0107 to na pewno nie b\u0119dzie typowy odpr\u0119\u017caj\u0105cy urlop all inclusive w pi\u0119knym hotelu, wiem, \u017ce czeka mnie co\u015b znacznie cenniejszego.<\/p>\n\n\n\n<p>Bo Kuba to kraj, kt\u00f3ry trzeba poczu\u0107 \u2013 od \u015brodka, w sercu. Wiadomo, \u017ce podr\u00f3\u017c z biurem to wygoda i poczt\u00f3wkowe obrazki. Ale mo\u017ce warto zainwestowa\u0107 w prawdziwe do\u015bwiadczenie? Zje\u015b\u0107 ry\u017c z fasol\u0105 przygotowany przez rodowit\u0105 Kubank\u0119, zata\u0144czy\u0107 sals\u0119 z gospodarzem&nbsp;<em>casa particular&nbsp;<\/em>(kuba\u0144skie airbnb) i zobaczy\u0107, jak naprawd\u0119 wygl\u0105da codzienno\u015b\u0107 w karaibskim rytmie.<\/p>\n\n\n\n<p>Oczywi\u015bcie, Kuba nie jest idealna. Braki w sklepach, problemy z transportem, ograniczony dost\u0119p do Internetu i pr\u0105du \u2013 to wszystko mo\u017ce zaskoczy\u0107 zachodniego turyst\u0119. Ale je\u015bli jedziesz z otwart\u0105 g\u0142ow\u0105 i ciekawo\u015bci\u0105 \u015bwiata, wr\u00f3cisz bogatszy o co\u015b, czego nie da si\u0119 kupi\u0107 \u2013 autentyczne do\u015bwiadczenie i now\u0105 perspektyw\u0105 na nasz \u015bwiat.<\/p>\n\n\n\n<p><strong>Czy warto?&nbsp;<\/strong><\/p>\n\n\n\n<p id=\"yui_3_17_2_1_1755347294584_441\">Tak. Bo Kuba to nie tylko miejsce \u2013 to lekcja \u017cycia, kt\u00f3rej nie zapomnisz.<\/p>","protected":false},"excerpt":{"rendered":"<p>Kuba to kraj, kt\u00f3ry albo si\u0119 pokocha od pierwszego wejrzenia, albo&#8230; pokocha za drugim razem. To miejsce, kt\u00f3re wykracza poza klasyczne &#8222;rajskie wakacje&#8221;. To podr\u00f3\u017c w czasie, emocjach i kulturze. Na pierwszy rzut oka zachwyca kolorami: pastelowe fasady Hawany, zielone plantacje tytoniu w Vi\u00f1ales i turkusowe morze w Varadero. Ale Kuba to co\u015b wi\u0119cej ni\u017c [&hellip;]<\/p>","protected":false},"author":1,"featured_media":1014,"comment_status":"open","ping_status":"open","sticky":false,"template":"","format":"standard","meta":{"footnotes":""},"categories":[1],"tags":[],"class_list":["post-472","post","type-post","status-publish","format-standard","has-post-thumbnail","hentry","category-uncategorized"],"aioseo_notices":[],"aioseo_head":"\n\t\t<!-- All in One SEO Pro 4.8.3.2 - aioseo.com -->\n\t<meta name=\"description\" content=\"Kuba to kraj, kt\u00f3ry albo si\u0119 pokocha od pierwszego wejrzenia, albo... pokocha za drugim razem. To miejsce, kt\u00f3re wykracza poza klasyczne &quot;rajskie wakacje&quot;. To podr\u00f3\u017c w czasie, emocjach i kulturze. Na pierwszy rzut oka zachwyca kolorami: pastelowe fasady Hawany, zielone plantacje tytoniu w Vi\u00f1ales i turkusowe morze w Varadero. Ale Kuba to co\u015b wi\u0119cej ni\u017c\" \/>\r\n\t<meta name=\"robots\" content=\"max-image-preview:large\" \/>\r\n\t<meta name=\"author\" content=\"calero2010@gmail.com\"\/>\r\n\t<link rel=\"canonical\" href=\"https:\/\/perpedual.com\/en\/czy-warto-jechac-na-kube\/\" \/>\r\n\t<meta name=\"generator\" content=\"All in One SEO Pro (AIOSEO) 4.8.3.2\" \/>\r\n\t\t<meta property=\"og:locale\" content=\"en_US\" \/>\r\n\t\t<meta property=\"og:site_name\" content=\"Perpedual - Kreatywne studio j\u0119zyk\u00f3w obcych i ta\u0144ca\" \/>\r\n\t\t<meta property=\"og:type\" content=\"article\" \/>\r\n\t\t<meta property=\"og:title\" content=\"Czy warto odwiedzi\u0107 Kub\u0119? Rajskie pla\u017ce i codzienno\u015b\u0107 bez filtra - Perpedual\" \/>\r\n\t\t<meta property=\"og:description\" content=\"Kuba to kraj, kt\u00f3ry albo si\u0119 pokocha od pierwszego wejrzenia, albo... pokocha za drugim razem. To miejsce, kt\u00f3re wykracza poza klasyczne &quot;rajskie wakacje&quot;. To podr\u00f3\u017c w czasie, emocjach i kulturze. Na pierwszy rzut oka zachwyca kolorami: pastelowe fasady Hawany, zielone plantacje tytoniu w Vi\u00f1ales i turkusowe morze w Varadero. Ale Kuba to co\u015b wi\u0119cej ni\u017c\" \/>\r\n\t\t<meta property=\"og:url\" content=\"https:\/\/perpedual.com\/en\/czy-warto-jechac-na-kube\/\" \/>\r\n\t\t<meta property=\"og:image\" content=\"https:\/\/perpedual.com\/wp-content\/uploads\/2025\/08\/logo-main.png\" \/>\r\n\t\t<meta property=\"og:image:secure_url\" content=\"https:\/\/perpedual.com\/wp-content\/uploads\/2025\/08\/logo-main.png\" \/>\r\n\t\t<meta property=\"og:image:width\" content=\"500\" \/>\r\n\t\t<meta property=\"og:image:height\" content=\"500\" \/>\r\n\t\t<meta property=\"article:published_time\" content=\"2025-08-16T12:28:47+00:00\" \/>\r\n\t\t<meta property=\"article:modified_time\" content=\"2025-09-22T11:58:17+00:00\" \/>\r\n\t\t<meta property=\"article:publisher\" content=\"https:\/\/www.facebook.com\/perpedual\" \/>\r\n\t\t<meta name=\"twitter:card\" content=\"summary_large_image\" \/>\r\n\t\t<meta name=\"twitter:title\" content=\"Czy warto odwiedzi\u0107 Kub\u0119? Rajskie pla\u017ce i codzienno\u015b\u0107 bez filtra - Perpedual\" \/>\r\n\t\t<meta name=\"twitter:description\" content=\"Kuba to kraj, kt\u00f3ry albo si\u0119 pokocha od pierwszego wejrzenia, albo... pokocha za drugim razem. To miejsce, kt\u00f3re wykracza poza klasyczne &quot;rajskie wakacje&quot;. To podr\u00f3\u017c w czasie, emocjach i kulturze. Na pierwszy rzut oka zachwyca kolorami: pastelowe fasady Hawany, zielone plantacje tytoniu w Vi\u00f1ales i turkusowe morze w Varadero. Ale Kuba to co\u015b wi\u0119cej ni\u017c\" \/>\r\n\t\t<meta name=\"twitter:image\" content=\"https:\/\/perpedual.com\/wp-content\/uploads\/2025\/08\/logo-main.png\" \/>\r\n\t\t<script type=\"application\/ld+json\" class=\"aioseo-schema\">\r\n\t\t\t{\"@context\":\"https:\\\/\\\/schema.org\",\"@graph\":[{\"@type\":\"BreadcrumbList\",\"@id\":\"https:\\\/\\\/perpedual.com\\\/en\\\/czy-warto-jechac-na-kube\\\/#breadcrumblist\",\"itemListElement\":[{\"@type\":\"ListItem\",\"@id\":\"https:\\\/\\\/perpedual.com\\\/en#listItem\",\"position\":1,\"name\":\"Home\",\"item\":\"https:\\\/\\\/perpedual.com\\\/en\",\"nextItem\":{\"@type\":\"ListItem\",\"@id\":\"https:\\\/\\\/perpedual.com\\\/en\\\/category\\\/uncategorized\\\/#listItem\",\"name\":\"Uncategorized\"}},{\"@type\":\"ListItem\",\"@id\":\"https:\\\/\\\/perpedual.com\\\/en\\\/category\\\/uncategorized\\\/#listItem\",\"position\":2,\"name\":\"Uncategorized\",\"item\":\"https:\\\/\\\/perpedual.com\\\/en\\\/category\\\/uncategorized\\\/\",\"nextItem\":{\"@type\":\"ListItem\",\"@id\":\"https:\\\/\\\/perpedual.com\\\/en\\\/czy-warto-jechac-na-kube\\\/#listItem\",\"name\":\"Czy warto odwiedzi\\u0107 Kub\\u0119? Rajskie pla\\u017ce i codzienno\\u015b\\u0107 bez filtra\"},\"previousItem\":{\"@type\":\"ListItem\",\"@id\":\"https:\\\/\\\/perpedual.com\\\/en#listItem\",\"name\":\"Home\"}},{\"@type\":\"ListItem\",\"@id\":\"https:\\\/\\\/perpedual.com\\\/en\\\/czy-warto-jechac-na-kube\\\/#listItem\",\"position\":3,\"name\":\"Czy warto odwiedzi\\u0107 Kub\\u0119? Rajskie pla\\u017ce i codzienno\\u015b\\u0107 bez filtra\",\"previousItem\":{\"@type\":\"ListItem\",\"@id\":\"https:\\\/\\\/perpedual.com\\\/en\\\/category\\\/uncategorized\\\/#listItem\",\"name\":\"Uncategorized\"}}]},{\"@type\":\"Organization\",\"@id\":\"https:\\\/\\\/perpedual.com\\\/en\\\/#organization\",\"name\":\"Perpedual\",\"description\":\"Kreatywne studio j\\u0119zyk\\u00f3w obcych i ta\\u0144ca\",\"url\":\"https:\\\/\\\/perpedual.com\\\/en\\\/\",\"telephone\":\"+48603335006\",\"logo\":{\"@type\":\"ImageObject\",\"url\":\"https:\\\/\\\/perpedual.com\\\/wp-content\\\/uploads\\\/2025\\\/08\\\/logo-main.png\",\"@id\":\"https:\\\/\\\/perpedual.com\\\/en\\\/czy-warto-jechac-na-kube\\\/#organizationLogo\",\"width\":500,\"height\":500,\"caption\":\"logo main\"},\"image\":{\"@id\":\"https:\\\/\\\/perpedual.com\\\/en\\\/czy-warto-jechac-na-kube\\\/#organizationLogo\"},\"sameAs\":[\"https:\\\/\\\/www.facebook.com\\\/perpedual\",\"https:\\\/\\\/www.instagram.com\\\/perpedual?utm_source=ig_web_button_share_sheet&igsh=MXZ2Y3hxem15cWdtNQ==\",\"https:\\\/\\\/www.tiktok.com\\\/@perpedual?is_from_webapp=1&sender_device=pc\"]},{\"@type\":\"Person\",\"@id\":\"https:\\\/\\\/perpedual.com\\\/en\\\/author\\\/calero2010gmail-com\\\/#author\",\"url\":\"https:\\\/\\\/perpedual.com\\\/en\\\/author\\\/calero2010gmail-com\\\/\",\"name\":\"calero2010@gmail.com\",\"image\":{\"@type\":\"ImageObject\",\"@id\":\"https:\\\/\\\/perpedual.com\\\/en\\\/czy-warto-jechac-na-kube\\\/#authorImage\",\"url\":\"https:\\\/\\\/secure.gravatar.com\\\/avatar\\\/1b097008fea7c0b844f6d47ee223ee0a5e1255af94fb3cbeea2c0d0ace4ce039?s=96&d=mm&r=g\",\"width\":96,\"height\":96,\"caption\":\"calero2010@gmail.com\"}},{\"@type\":\"WebPage\",\"@id\":\"https:\\\/\\\/perpedual.com\\\/en\\\/czy-warto-jechac-na-kube\\\/#webpage\",\"url\":\"https:\\\/\\\/perpedual.com\\\/en\\\/czy-warto-jechac-na-kube\\\/\",\"name\":\"Czy warto odwiedzi\\u0107 Kub\\u0119? Rajskie pla\\u017ce i codzienno\\u015b\\u0107 bez filtra - Perpedual\",\"description\":\"Kuba to kraj, kt\\u00f3ry albo si\\u0119 pokocha od pierwszego wejrzenia, albo... pokocha za drugim razem. To miejsce, kt\\u00f3re wykracza poza klasyczne \\\"rajskie wakacje\\\". To podr\\u00f3\\u017c w czasie, emocjach i kulturze. Na pierwszy rzut oka zachwyca kolorami: pastelowe fasady Hawany, zielone plantacje tytoniu w Vi\\u00f1ales i turkusowe morze w Varadero. Ale Kuba to co\\u015b wi\\u0119cej ni\\u017c\",\"inLanguage\":\"en-US\",\"isPartOf\":{\"@id\":\"https:\\\/\\\/perpedual.com\\\/en\\\/#website\"},\"breadcrumb\":{\"@id\":\"https:\\\/\\\/perpedual.com\\\/en\\\/czy-warto-jechac-na-kube\\\/#breadcrumblist\"},\"author\":{\"@id\":\"https:\\\/\\\/perpedual.com\\\/en\\\/author\\\/calero2010gmail-com\\\/#author\"},\"creator\":{\"@id\":\"https:\\\/\\\/perpedual.com\\\/en\\\/author\\\/calero2010gmail-com\\\/#author\"},\"image\":{\"@type\":\"ImageObject\",\"url\":\"https:\\\/\\\/perpedual.com\\\/wp-content\\\/uploads\\\/2025\\\/08\\\/3-1.png\",\"@id\":\"https:\\\/\\\/perpedual.com\\\/en\\\/czy-warto-jechac-na-kube\\\/#mainImage\",\"width\":1080,\"height\":720,\"caption\":\"3 1\"},\"primaryImageOfPage\":{\"@id\":\"https:\\\/\\\/perpedual.com\\\/en\\\/czy-warto-jechac-na-kube\\\/#mainImage\"},\"datePublished\":\"2025-08-16T12:28:47+00:00\",\"dateModified\":\"2025-09-22T11:58:17+00:00\"},{\"@type\":\"WebSite\",\"@id\":\"https:\\\/\\\/perpedual.com\\\/en\\\/#website\",\"url\":\"https:\\\/\\\/perpedual.com\\\/en\\\/\",\"name\":\"Perpedual\",\"description\":\"Kreatywne studio j\\u0119zyk\\u00f3w obcych i ta\\u0144ca\",\"inLanguage\":\"en-US\",\"publisher\":{\"@id\":\"https:\\\/\\\/perpedual.com\\\/en\\\/#organization\"}}]}\n\t\t<\/script>\r\n\t\t<!-- All in One SEO Pro -->\r\n\t\t<title>Czy warto odwiedzi\u0107 Kub\u0119? Rajskie pla\u017ce i codzienno\u015b\u0107 bez filtra - Perpedual<\/title>\n\n","aioseo_head_json":{"title":"Czy warto odwiedzi\u0107 Kub\u0119? Rajskie pla\u017ce i codzienno\u015b\u0107 bez filtra - Perpedual","description":"Kuba to kraj, kt\u00f3ry albo si\u0119 pokocha od pierwszego wejrzenia, albo... pokocha za drugim razem. To miejsce, kt\u00f3re wykracza poza klasyczne \"rajskie wakacje\". To podr\u00f3\u017c w czasie, emocjach i kulturze. Na pierwszy rzut oka zachwyca kolorami: pastelowe fasady Hawany, zielone plantacje tytoniu w Vi\u00f1ales i turkusowe morze w Varadero. Ale Kuba to co\u015b wi\u0119cej ni\u017c","canonical_url":"https:\/\/perpedual.com\/en\/czy-warto-jechac-na-kube\/","robots":"max-image-preview:large","keywords":"","webmasterTools":{"miscellaneous":""},"schema":{"@context":"https:\/\/schema.org","@graph":[{"@type":"BreadcrumbList","@id":"https:\/\/perpedual.com\/en\/czy-warto-jechac-na-kube\/#breadcrumblist","itemListElement":[{"@type":"ListItem","@id":"https:\/\/perpedual.com\/en#listItem","position":1,"name":"Home","item":"https:\/\/perpedual.com\/en","nextItem":{"@type":"ListItem","@id":"https:\/\/perpedual.com\/en\/category\/uncategorized\/#listItem","name":"Uncategorized"}},{"@type":"ListItem","@id":"https:\/\/perpedual.com\/en\/category\/uncategorized\/#listItem","position":2,"name":"Uncategorized","item":"https:\/\/perpedual.com\/en\/category\/uncategorized\/","nextItem":{"@type":"ListItem","@id":"https:\/\/perpedual.com\/en\/czy-warto-jechac-na-kube\/#listItem","name":"Czy warto odwiedzi\u0107 Kub\u0119? Rajskie pla\u017ce i codzienno\u015b\u0107 bez filtra"},"previousItem":{"@type":"ListItem","@id":"https:\/\/perpedual.com\/en#listItem","name":"Home"}},{"@type":"ListItem","@id":"https:\/\/perpedual.com\/en\/czy-warto-jechac-na-kube\/#listItem","position":3,"name":"Czy warto odwiedzi\u0107 Kub\u0119? Rajskie pla\u017ce i codzienno\u015b\u0107 bez filtra","previousItem":{"@type":"ListItem","@id":"https:\/\/perpedual.com\/en\/category\/uncategorized\/#listItem","name":"Uncategorized"}}]},{"@type":"Organization","@id":"https:\/\/perpedual.com\/en\/#organization","name":"Perpedual","description":"Kreatywne studio j\u0119zyk\u00f3w obcych i ta\u0144ca","url":"https:\/\/perpedual.com\/en\/","telephone":"+48603335006","logo":{"@type":"ImageObject","url":"https:\/\/perpedual.com\/wp-content\/uploads\/2025\/08\/logo-main.png","@id":"https:\/\/perpedual.com\/en\/czy-warto-jechac-na-kube\/#organizationLogo","width":500,"height":500,"caption":"logo main"},"image":{"@id":"https:\/\/perpedual.com\/en\/czy-warto-jechac-na-kube\/#organizationLogo"},"sameAs":["https:\/\/www.facebook.com\/perpedual","https:\/\/www.instagram.com\/perpedual?utm_source=ig_web_button_share_sheet&igsh=MXZ2Y3hxem15cWdtNQ==","https:\/\/www.tiktok.com\/@perpedual?is_from_webapp=1&sender_device=pc"]},{"@type":"Person","@id":"https:\/\/perpedual.com\/en\/author\/calero2010gmail-com\/#author","url":"https:\/\/perpedual.com\/en\/author\/calero2010gmail-com\/","name":"calero2010@gmail.com","image":{"@type":"ImageObject","@id":"https:\/\/perpedual.com\/en\/czy-warto-jechac-na-kube\/#authorImage","url":"https:\/\/secure.gravatar.com\/avatar\/1b097008fea7c0b844f6d47ee223ee0a5e1255af94fb3cbeea2c0d0ace4ce039?s=96&d=mm&r=g","width":96,"height":96,"caption":"calero2010@gmail.com"}},{"@type":"WebPage","@id":"https:\/\/perpedual.com\/en\/czy-warto-jechac-na-kube\/#webpage","url":"https:\/\/perpedual.com\/en\/czy-warto-jechac-na-kube\/","name":"Czy warto odwiedzi\u0107 Kub\u0119? Rajskie pla\u017ce i codzienno\u015b\u0107 bez filtra - Perpedual","description":"Kuba to kraj, kt\u00f3ry albo si\u0119 pokocha od pierwszego wejrzenia, albo... pokocha za drugim razem. To miejsce, kt\u00f3re wykracza poza klasyczne \"rajskie wakacje\". To podr\u00f3\u017c w czasie, emocjach i kulturze. Na pierwszy rzut oka zachwyca kolorami: pastelowe fasady Hawany, zielone plantacje tytoniu w Vi\u00f1ales i turkusowe morze w Varadero. Ale Kuba to co\u015b wi\u0119cej ni\u017c","inLanguage":"en-US","isPartOf":{"@id":"https:\/\/perpedual.com\/en\/#website"},"breadcrumb":{"@id":"https:\/\/perpedual.com\/en\/czy-warto-jechac-na-kube\/#breadcrumblist"},"author":{"@id":"https:\/\/perpedual.com\/en\/author\/calero2010gmail-com\/#author"},"creator":{"@id":"https:\/\/perpedual.com\/en\/author\/calero2010gmail-com\/#author"},"image":{"@type":"ImageObject","url":"https:\/\/perpedual.com\/wp-content\/uploads\/2025\/08\/3-1.png","@id":"https:\/\/perpedual.com\/en\/czy-warto-jechac-na-kube\/#mainImage","width":1080,"height":720,"caption":"3 1"},"primaryImageOfPage":{"@id":"https:\/\/perpedual.com\/en\/czy-warto-jechac-na-kube\/#mainImage"},"datePublished":"2025-08-16T12:28:47+00:00","dateModified":"2025-09-22T11:58:17+00:00"},{"@type":"WebSite","@id":"https:\/\/perpedual.com\/en\/#website","url":"https:\/\/perpedual.com\/en\/","name":"Perpedual","description":"Kreatywne studio j\u0119zyk\u00f3w obcych i ta\u0144ca","inLanguage":"en-US","publisher":{"@id":"https:\/\/perpedual.com\/en\/#organization"}}]},"og:locale":"en_US","og:site_name":"Perpedual - Kreatywne studio j\u0119zyk\u00f3w obcych i ta\u0144ca","og:type":"article","og:title":"Czy warto odwiedzi\u0107 Kub\u0119? Rajskie pla\u017ce i codzienno\u015b\u0107 bez filtra - Perpedual","og:description":"Kuba to kraj, kt\u00f3ry albo si\u0119 pokocha od pierwszego wejrzenia, albo... pokocha za drugim razem. To miejsce, kt\u00f3re wykracza poza klasyczne &quot;rajskie wakacje&quot;. To podr\u00f3\u017c w czasie, emocjach i kulturze. Na pierwszy rzut oka zachwyca kolorami: pastelowe fasady Hawany, zielone plantacje tytoniu w Vi\u00f1ales i turkusowe morze w Varadero. Ale Kuba to co\u015b wi\u0119cej ni\u017c","og:url":"https:\/\/perpedual.com\/en\/czy-warto-jechac-na-kube\/","og:image":"https:\/\/perpedual.com\/wp-content\/uploads\/2025\/08\/logo-main.png","og:image:secure_url":"https:\/\/perpedual.com\/wp-content\/uploads\/2025\/08\/logo-main.png","og:image:width":500,"og:image:height":500,"article:published_time":"2025-08-16T12:28:47+00:00","article:modified_time":"2025-09-22T11:58:17+00:00","article:publisher":"https:\/\/www.facebook.com\/perpedual","twitter:card":"summary_large_image","twitter:title":"Czy warto odwiedzi\u0107 Kub\u0119? Rajskie pla\u017ce i codzienno\u015b\u0107 bez filtra - Perpedual","twitter:description":"Kuba to kraj, kt\u00f3ry albo si\u0119 pokocha od pierwszego wejrzenia, albo... pokocha za drugim razem. To miejsce, kt\u00f3re wykracza poza klasyczne &quot;rajskie wakacje&quot;. To podr\u00f3\u017c w czasie, emocjach i kulturze. Na pierwszy rzut oka zachwyca kolorami: pastelowe fasady Hawany, zielone plantacje tytoniu w Vi\u00f1ales i turkusowe morze w Varadero. Ale Kuba to co\u015b wi\u0119cej ni\u017c","twitter:image":"https:\/\/perpedual.com\/wp-content\/uploads\/2025\/08\/logo-main.png"},"aioseo_meta_data":{"post_id":"472","title":null,"description":null,"keywords":null,"keyphrases":null,"canonical_url":null,"og_title":null,"og_description":null,"og_object_type":"default","og_image_type":"default","og_image_custom_url":null,"og_image_custom_fields":null,"og_custom_image_width":null,"og_custom_image_height":null,"og_video":null,"og_custom_url":null,"og_article_section":null,"og_article_tags":null,"twitter_use_og":true,"twitter_card":"default","twitter_image_type":"default","twitter_image_custom_url":null,"twitter_image_custom_fields":null,"twitter_title":null,"twitter_description":null,"schema_type":null,"schema_type_options":null,"pillar_content":false,"robots_default":true,"robots_noindex":false,"robots_noarchive":false,"robots_nosnippet":false,"robots_nofollow":false,"robots_noimageindex":false,"robots_noodp":false,"robots_notranslate":false,"robots_max_snippet":null,"robots_max_videopreview":null,"robots_max_imagepreview":"none","tabs":null,"priority":null,"frequency":null,"local_seo":null,"created":"2025-09-22 10:39:02","updated":"2026-04-30 09:55:30"},"aioseo_breadcrumb":"<div class=\"aioseo-breadcrumbs\"><span class=\"aioseo-breadcrumb\">\r\n\t<a href=\"https:\/\/perpedual.com\/en\" title=\"Home\">Home<\/a>\r\n<\/span><span class=\"aioseo-breadcrumb-separator\">&raquo;<\/span><span class=\"aioseo-breadcrumb\">\r\n\t<a href=\"https:\/\/perpedual.com\/en\/category\/uncategorized\/\" title=\"Uncategorized\">Uncategorized<\/a>\r\n<\/span><span class=\"aioseo-breadcrumb-separator\">&raquo;<\/span><span class=\"aioseo-breadcrumb\">\r\n\tCzy warto odwiedzi\u0107 Kub\u0119? Rajskie pla\u017ce i codzienno\u015b\u0107 bez filtra\r\n<\/span><\/div>","aioseo_breadcrumb_json":[{"label":"Home","link":"https:\/\/perpedual.com\/en"},{"label":"Uncategorized","link":"https:\/\/perpedual.com\/en\/category\/uncategorized\/"},{"label":"Czy warto odwiedzi\u0107 Kub\u0119? Rajskie pla\u017ce i codzienno\u015b\u0107 bez filtra","link":"https:\/\/perpedual.com\/en\/czy-warto-jechac-na-kube\/"}],"_links":{"self":[{"href":"https:\/\/perpedual.com\/en\/wp-json\/wp\/v2\/posts\/472","targetHints":{"allow":["GET"]}}],"collection":[{"href":"https:\/\/perpedual.com\/en\/wp-json\/wp\/v2\/posts"}],"about":[{"href":"https:\/\/perpedual.com\/en\/wp-json\/wp\/v2\/types\/post"}],"author":[{"embeddable":true,"href":"https:\/\/perpedual.com\/en\/wp-json\/wp\/v2\/users\/1"}],"replies":[{"embeddable":true,"href":"https:\/\/perpedual.com\/en\/wp-json\/wp\/v2\/comments?post=472"}],"version-history":[{"count":0,"href":"https:\/\/perpedual.com\/en\/wp-json\/wp\/v2\/posts\/472\/revisions"}],"wp:featuredmedia":[{"embeddable":true,"href":"https:\/\/perpedual.com\/en\/wp-json\/wp\/v2\/media\/1014"}],"wp:attachment":[{"href":"https:\/\/perpedual.com\/en\/wp-json\/wp\/v2\/media?parent=472"}],"wp:term":[{"taxonomy":"category","embeddable":true,"href":"https:\/\/perpedual.com\/en\/wp-json\/wp\/v2\/categories?post=472"},{"taxonomy":"post_tag","embeddable":true,"href":"https:\/\/perpedual.com\/en\/wp-json\/wp\/v2\/tags?post=472"}],"curies":[{"name":"wp","href":"https:\/\/api.w.org\/{rel}","templated":true}]}}