{"id":470,"date":"2025-08-16T12:28:00","date_gmt":"2025-08-16T12:28:00","guid":{"rendered":"https:\/\/perpedual.com\/?p=470"},"modified":"2025-09-22T11:58:17","modified_gmt":"2025-09-22T11:58:17","slug":"salsa-i-kubanski-taniec-skad-sie-wziely-rytmy-ktore-podbijaja-parkiety","status":"publish","type":"post","link":"https:\/\/perpedual.com\/en\/salsa-i-kubanski-taniec-skad-sie-wziely-rytmy-ktore-podbijaja-parkiety\/","title":{"rendered":"Salsa i kuba\u0144skie rytmy. Sk\u0105d\u00a0pochodzi taniec, kt\u00f3ry podbi\u0142 \u015bwiat?"},"content":{"rendered":"<p id=\"yui_3_17_2_1_1755347238753_422\">Salsa to taniec, kt\u00f3ry dzi\u015b kr\u00f3luje na parkietach ca\u0142ego \u015bwiata, ale jego korzenie s\u0105 g\u0142\u0119boko zakorzenione w kuba\u0144skiej tradycji. Kuba od wiek\u00f3w by\u0142a miejscem spotkania kultur \u2013 afryka\u0144skiej i europejskiej \u2013 i to w\u0142a\u015bnie to po\u0142\u0105czenie sprawi\u0142o, \u017ce narodzi\u0142a si\u0119 muzyka i taniec, kt\u00f3rych energia nie ma sobie r\u00f3wnych.<\/p>\n\n\n\n<p><strong>Afryka\u0144skie b\u0119bny i hiszpa\u0144skie melodie \u2013 fundamenty kuba\u0144skiego ta\u0144ca<\/strong><\/p>\n\n\n\n<p>Taniec na Kubie zacz\u0105\u0142 si\u0119 od rytm\u00f3w, kt\u00f3re przywie\u017ali ze sob\u0105 afryka\u0144scy niewolnicy. Ich b\u0119bny, skomplikowane polirytmie i ekspresyjne ruchy cia\u0142a sta\u0142y si\u0119 podstaw\u0105 kuba\u0144skiej muzyki i ta\u0144ca. Do tego dosz\u0142y wp\u0142ywy hiszpa\u0144skich kolonizator\u00f3w, kt\u00f3rzy przywie\u017ali swoje gitary, skrzypce i europejskie ta\u0144ce salonowe, takie jak contradanza czy menuet. Z tego po\u0142\u0105czenia powsta\u0142o co\u015b unikalnego \u2013 muzyka i taniec, w kt\u00f3rych spotyka si\u0119 surowa si\u0142a afryka\u0144skich rytm\u00f3w i melodyjna elegancja europejskich tradycji.<\/p>\n\n\n\n<p><strong>Son Cubano \u2013 taniec, od kt\u00f3rego wszystko si\u0119 zacz\u0119\u0142o<\/strong><\/p>\n\n\n\n<p>Je\u015bli m\u00f3wimy o kuba\u0144skiej salsie, to nie mo\u017cna pomin\u0105\u0107&nbsp;<strong>sonu cubano<\/strong>&nbsp;\u2013 ta\u0144ca i stylu muzycznego, kt\u00f3ry jest jej prawdziwym przodkiem. Son powsta\u0142 na wschodzie Kuby i po\u0142\u0105czy\u0142 afryka\u0144ski rytm perkusyjny z hiszpa\u0144skimi instrumentami, tworz\u0105c muzyk\u0119 o hipnotyzuj\u0105cym groove&#8217;ie, kt\u00f3ry od razu porywa do ta\u0144ca. Taniec do sonu by\u0142 elegancki, ale jednocze\u015bnie naturalny \u2013 to w\u0142a\u015bnie z niego wywodz\u0105 si\u0119 podstawowe kroki salsy.<\/p>\n\n\n\n<p>W przeciwie\u0144stwie do europejskich ta\u0144c\u00f3w, w sonie partnerzy nie poruszali si\u0119 sztywno, ale z izolacj\u0105 cia\u0142a, swobod\u0105 i rytmicznym ko\u0142ysaniem bioder. W sonie narodzi\u0142 si\u0119 tak\u017ce podstawowy krok, kt\u00f3ry w p\u00f3\u017aniejszych dekadach przekszta\u0142ci\u0142 si\u0119 w sals\u0119.<\/p>\n\n\n\n<p><strong>Mambo, cha-cha i ewolucja kuba\u0144skiego ta\u0144ca<\/strong><\/p>\n\n\n\n<p>W XX wieku muzyka i taniec na Kubie zacz\u0119\u0142y si\u0119 dynamicznie rozwija\u0107. Son sta\u0142 si\u0119 podstaw\u0105 dla nowych styl\u00f3w, takich jak&nbsp;<strong>mambo<\/strong>&nbsp;i&nbsp;<strong>cha-cha<\/strong>, kt\u00f3re by\u0142y jeszcze bardziej energetyczne i widowiskowe. To w\u0142a\u015bnie mambo podbi\u0142o w latach 50. parkiety na Kubie, a potem w Stanach Zjednoczonych, gdzie sta\u0142o si\u0119 wielk\u0105 sensacj\u0105.<\/p>\n\n\n\n<p>Z kolei cha-cha powsta\u0142a jako prostsza, bardziej przyst\u0119pna forma taneczna, kt\u00f3r\u0105 \u0142atwiej by\u0142o opanowa\u0107 na du\u017cych imprezach tanecznych. By\u0142a mniej skomplikowana ni\u017c mambo, ale mia\u0142a ten sam latynoski charakter i porywaj\u0105cy rytm.<\/p>\n\n\n\n<p><strong>Salsa \u2013 kto j\u0105 wymy\u015bli\u0142?<\/strong><\/p>\n\n\n\n<p>Salsa, jak\u0105 znamy dzi\u015b, to mieszanka kuba\u0144skich rytm\u00f3w \u2013 sonu, mambo, cha-chy \u2013 i element\u00f3w innych styl\u00f3w latynoskich. Cho\u0107 muzyka salsowa zacz\u0119\u0142a rozwija\u0107 si\u0119 na Kubie, to jej ostateczna nazwa i komercyjna popularno\u015b\u0107 przysz\u0142y ze Stan\u00f3w Zjednoczonych, g\u0142\u00f3wnie z Nowego Jorku. To tam latynoscy imigranci, g\u0142\u00f3wnie z Puerto Rico i Kuby, zacz\u0119li rozwija\u0107 nowoczesne brzmienie salsy, nadaj\u0105c mu bardziej miejski charakter (Puerto Rico do dzi\u015b ro\u015bci sobie prawo do miana ojczyzny salsy, ale jedno jest pewne \u2013 jej prawdziwe korzenie zawsze prowadz\u0105 na Kub\u0119 :)).<\/p>\n\n\n\n<p>Ale warto zaznaczy\u0107 jedn\u0105 wa\u017cn\u0105 rzecz \u2013 salsa w USA, zw\u0142aszcza&nbsp;<strong>salsa liniowa<\/strong>, to bardziej nowoczesna interpretacja tego ta\u0144ca. Ta wersja, popularna szczeg\u00f3lnie w Nowym Jorku i Los Angeles, jest mocno inspirowana jazzem i show tanecznym, dlatego zawiera wi\u0119cej figur, efektownych obrot\u00f3w i widowiskowych przej\u015b\u0107.<\/p>\n\n\n\n<p>Natomiast na Kubie&nbsp;<strong>salsa to casino<\/strong>&nbsp;\u2013 styl, kt\u00f3ry pozosta\u0142 wierny swoim afryka\u0144sko-hiszpa\u0144skim korzeniom. Kuba\u0144czycy nie ta\u0144cz\u0105 w liniach, nie skupiaj\u0105 si\u0119 na efektownych pokazach, ale na naturalnym flow, rytmie i interakcji z partnerem. Casino jest bardziej oparte na kole, na dynamicznych zmianach kierunku i izolacji cia\u0142a, a tak\u017ce na swobodnym dialogu z muzyk\u0105.<\/p>\n\n\n\n<p id=\"yui_3_17_2_1_1755347238753_434\">Dla Kuba\u0144czyk\u00f3w taniec to nie choreografia, ale \u017cywa rozmowa \u2013 improwizacja, energia i prawdziwe prze\u017cywanie muzyki. I w\u0142a\u015bnie to sprawia, \u017ce salsa kuba\u0144ska (casino) to co\u015b wi\u0119cej ni\u017c technika \u2013 to czysta rado\u015b\u0107 i celebracja \u017cycia.<\/p>","protected":false},"excerpt":{"rendered":"<p>Salsa to taniec, kt\u00f3ry dzi\u015b kr\u00f3luje na parkietach ca\u0142ego \u015bwiata, ale jego korzenie s\u0105 g\u0142\u0119boko zakorzenione w kuba\u0144skiej tradycji. Kuba od wiek\u00f3w by\u0142a miejscem spotkania kultur \u2013 afryka\u0144skiej i europejskiej \u2013 i to w\u0142a\u015bnie to po\u0142\u0105czenie sprawi\u0142o, \u017ce narodzi\u0142a si\u0119 muzyka i taniec, kt\u00f3rych energia nie ma sobie r\u00f3wnych. Afryka\u0144skie b\u0119bny i hiszpa\u0144skie melodie \u2013 [&hellip;]<\/p>","protected":false},"author":1,"featured_media":1013,"comment_status":"open","ping_status":"open","sticky":false,"template":"","format":"standard","meta":{"footnotes":""},"categories":[1],"tags":[],"class_list":["post-470","post","type-post","status-publish","format-standard","has-post-thumbnail","hentry","category-uncategorized"],"aioseo_notices":[],"aioseo_head":"\n\t\t<!-- All in One SEO Pro 4.8.3.2 - aioseo.com -->\n\t<meta name=\"description\" content=\"Salsa to taniec, kt\u00f3ry dzi\u015b kr\u00f3luje na parkietach ca\u0142ego \u015bwiata, ale jego korzenie s\u0105 g\u0142\u0119boko zakorzenione w kuba\u0144skiej tradycji. Kuba od wiek\u00f3w by\u0142a miejscem spotkania kultur \u2013 afryka\u0144skiej i europejskiej \u2013 i to w\u0142a\u015bnie to po\u0142\u0105czenie sprawi\u0142o, \u017ce narodzi\u0142a si\u0119 muzyka i taniec, kt\u00f3rych energia nie ma sobie r\u00f3wnych. Afryka\u0144skie b\u0119bny i hiszpa\u0144skie melodie \u2013\" \/>\r\n\t<meta name=\"robots\" content=\"max-image-preview:large\" \/>\r\n\t<meta name=\"author\" content=\"calero2010@gmail.com\"\/>\r\n\t<link rel=\"canonical\" href=\"https:\/\/perpedual.com\/en\/salsa-i-kubanski-taniec-skad-sie-wziely-rytmy-ktore-podbijaja-parkiety\/\" \/>\r\n\t<meta name=\"generator\" content=\"All in One SEO Pro (AIOSEO) 4.8.3.2\" \/>\r\n\t\t<meta property=\"og:locale\" content=\"en_US\" \/>\r\n\t\t<meta property=\"og:site_name\" content=\"Perpedual - Kreatywne studio j\u0119zyk\u00f3w obcych i ta\u0144ca\" \/>\r\n\t\t<meta property=\"og:type\" content=\"article\" \/>\r\n\t\t<meta property=\"og:title\" content=\"Salsa i kuba\u0144skie rytmy. Sk\u0105d pochodzi taniec, kt\u00f3ry podbi\u0142 \u015bwiat? - Perpedual\" \/>\r\n\t\t<meta property=\"og:description\" content=\"Salsa to taniec, kt\u00f3ry dzi\u015b kr\u00f3luje na parkietach ca\u0142ego \u015bwiata, ale jego korzenie s\u0105 g\u0142\u0119boko zakorzenione w kuba\u0144skiej tradycji. Kuba od wiek\u00f3w by\u0142a miejscem spotkania kultur \u2013 afryka\u0144skiej i europejskiej \u2013 i to w\u0142a\u015bnie to po\u0142\u0105czenie sprawi\u0142o, \u017ce narodzi\u0142a si\u0119 muzyka i taniec, kt\u00f3rych energia nie ma sobie r\u00f3wnych. Afryka\u0144skie b\u0119bny i hiszpa\u0144skie melodie \u2013\" \/>\r\n\t\t<meta property=\"og:url\" content=\"https:\/\/perpedual.com\/en\/salsa-i-kubanski-taniec-skad-sie-wziely-rytmy-ktore-podbijaja-parkiety\/\" \/>\r\n\t\t<meta property=\"og:image\" content=\"https:\/\/perpedual.com\/wp-content\/uploads\/2025\/08\/logo-main.png\" \/>\r\n\t\t<meta property=\"og:image:secure_url\" content=\"https:\/\/perpedual.com\/wp-content\/uploads\/2025\/08\/logo-main.png\" \/>\r\n\t\t<meta property=\"og:image:width\" content=\"500\" \/>\r\n\t\t<meta property=\"og:image:height\" content=\"500\" \/>\r\n\t\t<meta property=\"article:published_time\" content=\"2025-08-16T12:28:00+00:00\" \/>\r\n\t\t<meta property=\"article:modified_time\" content=\"2025-09-22T11:58:17+00:00\" \/>\r\n\t\t<meta property=\"article:publisher\" content=\"https:\/\/www.facebook.com\/perpedual\" \/>\r\n\t\t<meta name=\"twitter:card\" content=\"summary_large_image\" \/>\r\n\t\t<meta name=\"twitter:title\" content=\"Salsa i kuba\u0144skie rytmy. Sk\u0105d pochodzi taniec, kt\u00f3ry podbi\u0142 \u015bwiat? - Perpedual\" \/>\r\n\t\t<meta name=\"twitter:description\" content=\"Salsa to taniec, kt\u00f3ry dzi\u015b kr\u00f3luje na parkietach ca\u0142ego \u015bwiata, ale jego korzenie s\u0105 g\u0142\u0119boko zakorzenione w kuba\u0144skiej tradycji. Kuba od wiek\u00f3w by\u0142a miejscem spotkania kultur \u2013 afryka\u0144skiej i europejskiej \u2013 i to w\u0142a\u015bnie to po\u0142\u0105czenie sprawi\u0142o, \u017ce narodzi\u0142a si\u0119 muzyka i taniec, kt\u00f3rych energia nie ma sobie r\u00f3wnych. Afryka\u0144skie b\u0119bny i hiszpa\u0144skie melodie \u2013\" \/>\r\n\t\t<meta name=\"twitter:image\" content=\"https:\/\/perpedual.com\/wp-content\/uploads\/2025\/08\/logo-main.png\" \/>\r\n\t\t<script type=\"application\/ld+json\" class=\"aioseo-schema\">\r\n\t\t\t{\"@context\":\"https:\\\/\\\/schema.org\",\"@graph\":[{\"@type\":\"BreadcrumbList\",\"@id\":\"https:\\\/\\\/perpedual.com\\\/en\\\/salsa-i-kubanski-taniec-skad-sie-wziely-rytmy-ktore-podbijaja-parkiety\\\/#breadcrumblist\",\"itemListElement\":[{\"@type\":\"ListItem\",\"@id\":\"https:\\\/\\\/perpedual.com\\\/en#listItem\",\"position\":1,\"name\":\"Home\",\"item\":\"https:\\\/\\\/perpedual.com\\\/en\",\"nextItem\":{\"@type\":\"ListItem\",\"@id\":\"https:\\\/\\\/perpedual.com\\\/en\\\/category\\\/uncategorized\\\/#listItem\",\"name\":\"Uncategorized\"}},{\"@type\":\"ListItem\",\"@id\":\"https:\\\/\\\/perpedual.com\\\/en\\\/category\\\/uncategorized\\\/#listItem\",\"position\":2,\"name\":\"Uncategorized\",\"item\":\"https:\\\/\\\/perpedual.com\\\/en\\\/category\\\/uncategorized\\\/\",\"nextItem\":{\"@type\":\"ListItem\",\"@id\":\"https:\\\/\\\/perpedual.com\\\/en\\\/salsa-i-kubanski-taniec-skad-sie-wziely-rytmy-ktore-podbijaja-parkiety\\\/#listItem\",\"name\":\"Salsa i kuba\\u0144skie rytmy. Sk\\u0105d\\u00a0pochodzi taniec, kt\\u00f3ry podbi\\u0142 \\u015bwiat?\"},\"previousItem\":{\"@type\":\"ListItem\",\"@id\":\"https:\\\/\\\/perpedual.com\\\/en#listItem\",\"name\":\"Home\"}},{\"@type\":\"ListItem\",\"@id\":\"https:\\\/\\\/perpedual.com\\\/en\\\/salsa-i-kubanski-taniec-skad-sie-wziely-rytmy-ktore-podbijaja-parkiety\\\/#listItem\",\"position\":3,\"name\":\"Salsa i kuba\\u0144skie rytmy. Sk\\u0105d\\u00a0pochodzi taniec, kt\\u00f3ry podbi\\u0142 \\u015bwiat?\",\"previousItem\":{\"@type\":\"ListItem\",\"@id\":\"https:\\\/\\\/perpedual.com\\\/en\\\/category\\\/uncategorized\\\/#listItem\",\"name\":\"Uncategorized\"}}]},{\"@type\":\"Organization\",\"@id\":\"https:\\\/\\\/perpedual.com\\\/en\\\/#organization\",\"name\":\"Perpedual\",\"description\":\"Kreatywne studio j\\u0119zyk\\u00f3w obcych i ta\\u0144ca\",\"url\":\"https:\\\/\\\/perpedual.com\\\/en\\\/\",\"telephone\":\"+48603335006\",\"logo\":{\"@type\":\"ImageObject\",\"url\":\"https:\\\/\\\/perpedual.com\\\/wp-content\\\/uploads\\\/2025\\\/08\\\/logo-main.png\",\"@id\":\"https:\\\/\\\/perpedual.com\\\/en\\\/salsa-i-kubanski-taniec-skad-sie-wziely-rytmy-ktore-podbijaja-parkiety\\\/#organizationLogo\",\"width\":500,\"height\":500,\"caption\":\"logo main\"},\"image\":{\"@id\":\"https:\\\/\\\/perpedual.com\\\/en\\\/salsa-i-kubanski-taniec-skad-sie-wziely-rytmy-ktore-podbijaja-parkiety\\\/#organizationLogo\"},\"sameAs\":[\"https:\\\/\\\/www.facebook.com\\\/perpedual\",\"https:\\\/\\\/www.instagram.com\\\/perpedual?utm_source=ig_web_button_share_sheet&igsh=MXZ2Y3hxem15cWdtNQ==\",\"https:\\\/\\\/www.tiktok.com\\\/@perpedual?is_from_webapp=1&sender_device=pc\"]},{\"@type\":\"Person\",\"@id\":\"https:\\\/\\\/perpedual.com\\\/en\\\/author\\\/calero2010gmail-com\\\/#author\",\"url\":\"https:\\\/\\\/perpedual.com\\\/en\\\/author\\\/calero2010gmail-com\\\/\",\"name\":\"calero2010@gmail.com\",\"image\":{\"@type\":\"ImageObject\",\"@id\":\"https:\\\/\\\/perpedual.com\\\/en\\\/salsa-i-kubanski-taniec-skad-sie-wziely-rytmy-ktore-podbijaja-parkiety\\\/#authorImage\",\"url\":\"https:\\\/\\\/secure.gravatar.com\\\/avatar\\\/1b097008fea7c0b844f6d47ee223ee0a5e1255af94fb3cbeea2c0d0ace4ce039?s=96&d=mm&r=g\",\"width\":96,\"height\":96,\"caption\":\"calero2010@gmail.com\"}},{\"@type\":\"WebPage\",\"@id\":\"https:\\\/\\\/perpedual.com\\\/en\\\/salsa-i-kubanski-taniec-skad-sie-wziely-rytmy-ktore-podbijaja-parkiety\\\/#webpage\",\"url\":\"https:\\\/\\\/perpedual.com\\\/en\\\/salsa-i-kubanski-taniec-skad-sie-wziely-rytmy-ktore-podbijaja-parkiety\\\/\",\"name\":\"Salsa i kuba\\u0144skie rytmy. Sk\\u0105d pochodzi taniec, kt\\u00f3ry podbi\\u0142 \\u015bwiat? - Perpedual\",\"description\":\"Salsa to taniec, kt\\u00f3ry dzi\\u015b kr\\u00f3luje na parkietach ca\\u0142ego \\u015bwiata, ale jego korzenie s\\u0105 g\\u0142\\u0119boko zakorzenione w kuba\\u0144skiej tradycji. Kuba od wiek\\u00f3w by\\u0142a miejscem spotkania kultur \\u2013 afryka\\u0144skiej i europejskiej \\u2013 i to w\\u0142a\\u015bnie to po\\u0142\\u0105czenie sprawi\\u0142o, \\u017ce narodzi\\u0142a si\\u0119 muzyka i taniec, kt\\u00f3rych energia nie ma sobie r\\u00f3wnych. Afryka\\u0144skie b\\u0119bny i hiszpa\\u0144skie melodie \\u2013\",\"inLanguage\":\"en-US\",\"isPartOf\":{\"@id\":\"https:\\\/\\\/perpedual.com\\\/en\\\/#website\"},\"breadcrumb\":{\"@id\":\"https:\\\/\\\/perpedual.com\\\/en\\\/salsa-i-kubanski-taniec-skad-sie-wziely-rytmy-ktore-podbijaja-parkiety\\\/#breadcrumblist\"},\"author\":{\"@id\":\"https:\\\/\\\/perpedual.com\\\/en\\\/author\\\/calero2010gmail-com\\\/#author\"},\"creator\":{\"@id\":\"https:\\\/\\\/perpedual.com\\\/en\\\/author\\\/calero2010gmail-com\\\/#author\"},\"image\":{\"@type\":\"ImageObject\",\"url\":\"https:\\\/\\\/perpedual.com\\\/wp-content\\\/uploads\\\/2025\\\/08\\\/7.png\",\"@id\":\"https:\\\/\\\/perpedual.com\\\/en\\\/salsa-i-kubanski-taniec-skad-sie-wziely-rytmy-ktore-podbijaja-parkiety\\\/#mainImage\",\"width\":1080,\"height\":720,\"caption\":\"7\"},\"primaryImageOfPage\":{\"@id\":\"https:\\\/\\\/perpedual.com\\\/en\\\/salsa-i-kubanski-taniec-skad-sie-wziely-rytmy-ktore-podbijaja-parkiety\\\/#mainImage\"},\"datePublished\":\"2025-08-16T12:28:00+00:00\",\"dateModified\":\"2025-09-22T11:58:17+00:00\"},{\"@type\":\"WebSite\",\"@id\":\"https:\\\/\\\/perpedual.com\\\/en\\\/#website\",\"url\":\"https:\\\/\\\/perpedual.com\\\/en\\\/\",\"name\":\"Perpedual\",\"description\":\"Kreatywne studio j\\u0119zyk\\u00f3w obcych i ta\\u0144ca\",\"inLanguage\":\"en-US\",\"publisher\":{\"@id\":\"https:\\\/\\\/perpedual.com\\\/en\\\/#organization\"}}]}\n\t\t<\/script>\r\n\t\t<!-- All in One SEO Pro -->\r\n\t\t<title>Salsa i kuba\u0144skie rytmy. Sk\u0105d pochodzi taniec, kt\u00f3ry podbi\u0142 \u015bwiat? - Perpedual<\/title>\n\n","aioseo_head_json":{"title":"Salsa i kuba\u0144skie rytmy. Sk\u0105d pochodzi taniec, kt\u00f3ry podbi\u0142 \u015bwiat? - Perpedual","description":"Salsa to taniec, kt\u00f3ry dzi\u015b kr\u00f3luje na parkietach ca\u0142ego \u015bwiata, ale jego korzenie s\u0105 g\u0142\u0119boko zakorzenione w kuba\u0144skiej tradycji. Kuba od wiek\u00f3w by\u0142a miejscem spotkania kultur \u2013 afryka\u0144skiej i europejskiej \u2013 i to w\u0142a\u015bnie to po\u0142\u0105czenie sprawi\u0142o, \u017ce narodzi\u0142a si\u0119 muzyka i taniec, kt\u00f3rych energia nie ma sobie r\u00f3wnych. Afryka\u0144skie b\u0119bny i hiszpa\u0144skie melodie \u2013","canonical_url":"https:\/\/perpedual.com\/en\/salsa-i-kubanski-taniec-skad-sie-wziely-rytmy-ktore-podbijaja-parkiety\/","robots":"max-image-preview:large","keywords":"","webmasterTools":{"miscellaneous":""},"schema":{"@context":"https:\/\/schema.org","@graph":[{"@type":"BreadcrumbList","@id":"https:\/\/perpedual.com\/en\/salsa-i-kubanski-taniec-skad-sie-wziely-rytmy-ktore-podbijaja-parkiety\/#breadcrumblist","itemListElement":[{"@type":"ListItem","@id":"https:\/\/perpedual.com\/en#listItem","position":1,"name":"Home","item":"https:\/\/perpedual.com\/en","nextItem":{"@type":"ListItem","@id":"https:\/\/perpedual.com\/en\/category\/uncategorized\/#listItem","name":"Uncategorized"}},{"@type":"ListItem","@id":"https:\/\/perpedual.com\/en\/category\/uncategorized\/#listItem","position":2,"name":"Uncategorized","item":"https:\/\/perpedual.com\/en\/category\/uncategorized\/","nextItem":{"@type":"ListItem","@id":"https:\/\/perpedual.com\/en\/salsa-i-kubanski-taniec-skad-sie-wziely-rytmy-ktore-podbijaja-parkiety\/#listItem","name":"Salsa i kuba\u0144skie rytmy. Sk\u0105d\u00a0pochodzi taniec, kt\u00f3ry podbi\u0142 \u015bwiat?"},"previousItem":{"@type":"ListItem","@id":"https:\/\/perpedual.com\/en#listItem","name":"Home"}},{"@type":"ListItem","@id":"https:\/\/perpedual.com\/en\/salsa-i-kubanski-taniec-skad-sie-wziely-rytmy-ktore-podbijaja-parkiety\/#listItem","position":3,"name":"Salsa i kuba\u0144skie rytmy. Sk\u0105d\u00a0pochodzi taniec, kt\u00f3ry podbi\u0142 \u015bwiat?","previousItem":{"@type":"ListItem","@id":"https:\/\/perpedual.com\/en\/category\/uncategorized\/#listItem","name":"Uncategorized"}}]},{"@type":"Organization","@id":"https:\/\/perpedual.com\/en\/#organization","name":"Perpedual","description":"Kreatywne studio j\u0119zyk\u00f3w obcych i ta\u0144ca","url":"https:\/\/perpedual.com\/en\/","telephone":"+48603335006","logo":{"@type":"ImageObject","url":"https:\/\/perpedual.com\/wp-content\/uploads\/2025\/08\/logo-main.png","@id":"https:\/\/perpedual.com\/en\/salsa-i-kubanski-taniec-skad-sie-wziely-rytmy-ktore-podbijaja-parkiety\/#organizationLogo","width":500,"height":500,"caption":"logo main"},"image":{"@id":"https:\/\/perpedual.com\/en\/salsa-i-kubanski-taniec-skad-sie-wziely-rytmy-ktore-podbijaja-parkiety\/#organizationLogo"},"sameAs":["https:\/\/www.facebook.com\/perpedual","https:\/\/www.instagram.com\/perpedual?utm_source=ig_web_button_share_sheet&igsh=MXZ2Y3hxem15cWdtNQ==","https:\/\/www.tiktok.com\/@perpedual?is_from_webapp=1&sender_device=pc"]},{"@type":"Person","@id":"https:\/\/perpedual.com\/en\/author\/calero2010gmail-com\/#author","url":"https:\/\/perpedual.com\/en\/author\/calero2010gmail-com\/","name":"calero2010@gmail.com","image":{"@type":"ImageObject","@id":"https:\/\/perpedual.com\/en\/salsa-i-kubanski-taniec-skad-sie-wziely-rytmy-ktore-podbijaja-parkiety\/#authorImage","url":"https:\/\/secure.gravatar.com\/avatar\/1b097008fea7c0b844f6d47ee223ee0a5e1255af94fb3cbeea2c0d0ace4ce039?s=96&d=mm&r=g","width":96,"height":96,"caption":"calero2010@gmail.com"}},{"@type":"WebPage","@id":"https:\/\/perpedual.com\/en\/salsa-i-kubanski-taniec-skad-sie-wziely-rytmy-ktore-podbijaja-parkiety\/#webpage","url":"https:\/\/perpedual.com\/en\/salsa-i-kubanski-taniec-skad-sie-wziely-rytmy-ktore-podbijaja-parkiety\/","name":"Salsa i kuba\u0144skie rytmy. Sk\u0105d pochodzi taniec, kt\u00f3ry podbi\u0142 \u015bwiat? - Perpedual","description":"Salsa to taniec, kt\u00f3ry dzi\u015b kr\u00f3luje na parkietach ca\u0142ego \u015bwiata, ale jego korzenie s\u0105 g\u0142\u0119boko zakorzenione w kuba\u0144skiej tradycji. Kuba od wiek\u00f3w by\u0142a miejscem spotkania kultur \u2013 afryka\u0144skiej i europejskiej \u2013 i to w\u0142a\u015bnie to po\u0142\u0105czenie sprawi\u0142o, \u017ce narodzi\u0142a si\u0119 muzyka i taniec, kt\u00f3rych energia nie ma sobie r\u00f3wnych. Afryka\u0144skie b\u0119bny i hiszpa\u0144skie melodie \u2013","inLanguage":"en-US","isPartOf":{"@id":"https:\/\/perpedual.com\/en\/#website"},"breadcrumb":{"@id":"https:\/\/perpedual.com\/en\/salsa-i-kubanski-taniec-skad-sie-wziely-rytmy-ktore-podbijaja-parkiety\/#breadcrumblist"},"author":{"@id":"https:\/\/perpedual.com\/en\/author\/calero2010gmail-com\/#author"},"creator":{"@id":"https:\/\/perpedual.com\/en\/author\/calero2010gmail-com\/#author"},"image":{"@type":"ImageObject","url":"https:\/\/perpedual.com\/wp-content\/uploads\/2025\/08\/7.png","@id":"https:\/\/perpedual.com\/en\/salsa-i-kubanski-taniec-skad-sie-wziely-rytmy-ktore-podbijaja-parkiety\/#mainImage","width":1080,"height":720,"caption":"7"},"primaryImageOfPage":{"@id":"https:\/\/perpedual.com\/en\/salsa-i-kubanski-taniec-skad-sie-wziely-rytmy-ktore-podbijaja-parkiety\/#mainImage"},"datePublished":"2025-08-16T12:28:00+00:00","dateModified":"2025-09-22T11:58:17+00:00"},{"@type":"WebSite","@id":"https:\/\/perpedual.com\/en\/#website","url":"https:\/\/perpedual.com\/en\/","name":"Perpedual","description":"Kreatywne studio j\u0119zyk\u00f3w obcych i ta\u0144ca","inLanguage":"en-US","publisher":{"@id":"https:\/\/perpedual.com\/en\/#organization"}}]},"og:locale":"en_US","og:site_name":"Perpedual - Kreatywne studio j\u0119zyk\u00f3w obcych i ta\u0144ca","og:type":"article","og:title":"Salsa i kuba\u0144skie rytmy. Sk\u0105d pochodzi taniec, kt\u00f3ry podbi\u0142 \u015bwiat? - Perpedual","og:description":"Salsa to taniec, kt\u00f3ry dzi\u015b kr\u00f3luje na parkietach ca\u0142ego \u015bwiata, ale jego korzenie s\u0105 g\u0142\u0119boko zakorzenione w kuba\u0144skiej tradycji. Kuba od wiek\u00f3w by\u0142a miejscem spotkania kultur \u2013 afryka\u0144skiej i europejskiej \u2013 i to w\u0142a\u015bnie to po\u0142\u0105czenie sprawi\u0142o, \u017ce narodzi\u0142a si\u0119 muzyka i taniec, kt\u00f3rych energia nie ma sobie r\u00f3wnych. Afryka\u0144skie b\u0119bny i hiszpa\u0144skie melodie \u2013","og:url":"https:\/\/perpedual.com\/en\/salsa-i-kubanski-taniec-skad-sie-wziely-rytmy-ktore-podbijaja-parkiety\/","og:image":"https:\/\/perpedual.com\/wp-content\/uploads\/2025\/08\/logo-main.png","og:image:secure_url":"https:\/\/perpedual.com\/wp-content\/uploads\/2025\/08\/logo-main.png","og:image:width":500,"og:image:height":500,"article:published_time":"2025-08-16T12:28:00+00:00","article:modified_time":"2025-09-22T11:58:17+00:00","article:publisher":"https:\/\/www.facebook.com\/perpedual","twitter:card":"summary_large_image","twitter:title":"Salsa i kuba\u0144skie rytmy. Sk\u0105d pochodzi taniec, kt\u00f3ry podbi\u0142 \u015bwiat? - Perpedual","twitter:description":"Salsa to taniec, kt\u00f3ry dzi\u015b kr\u00f3luje na parkietach ca\u0142ego \u015bwiata, ale jego korzenie s\u0105 g\u0142\u0119boko zakorzenione w kuba\u0144skiej tradycji. Kuba od wiek\u00f3w by\u0142a miejscem spotkania kultur \u2013 afryka\u0144skiej i europejskiej \u2013 i to w\u0142a\u015bnie to po\u0142\u0105czenie sprawi\u0142o, \u017ce narodzi\u0142a si\u0119 muzyka i taniec, kt\u00f3rych energia nie ma sobie r\u00f3wnych. Afryka\u0144skie b\u0119bny i hiszpa\u0144skie melodie \u2013","twitter:image":"https:\/\/perpedual.com\/wp-content\/uploads\/2025\/08\/logo-main.png"},"aioseo_meta_data":{"post_id":"470","title":null,"description":null,"keywords":null,"keyphrases":null,"canonical_url":null,"og_title":null,"og_description":null,"og_object_type":"default","og_image_type":"default","og_image_custom_url":null,"og_image_custom_fields":null,"og_custom_image_width":null,"og_custom_image_height":null,"og_video":null,"og_custom_url":null,"og_article_section":null,"og_article_tags":null,"twitter_use_og":true,"twitter_card":"default","twitter_image_type":"default","twitter_image_custom_url":null,"twitter_image_custom_fields":null,"twitter_title":null,"twitter_description":null,"schema_type":null,"schema_type_options":null,"pillar_content":false,"robots_default":true,"robots_noindex":false,"robots_noarchive":false,"robots_nosnippet":false,"robots_nofollow":false,"robots_noimageindex":false,"robots_noodp":false,"robots_notranslate":false,"robots_max_snippet":null,"robots_max_videopreview":null,"robots_max_imagepreview":"none","tabs":null,"priority":null,"frequency":null,"local_seo":null,"created":"2025-09-22 10:39:02","updated":"2026-04-30 09:08:25"},"aioseo_breadcrumb":"<div class=\"aioseo-breadcrumbs\"><span class=\"aioseo-breadcrumb\">\r\n\t<a href=\"https:\/\/perpedual.com\/en\" title=\"Home\">Home<\/a>\r\n<\/span><span class=\"aioseo-breadcrumb-separator\">&raquo;<\/span><span class=\"aioseo-breadcrumb\">\r\n\t<a href=\"https:\/\/perpedual.com\/en\/category\/uncategorized\/\" title=\"Uncategorized\">Uncategorized<\/a>\r\n<\/span><span class=\"aioseo-breadcrumb-separator\">&raquo;<\/span><span class=\"aioseo-breadcrumb\">\r\n\tSalsa i kuba\u0144skie rytmy. Sk\u0105d pochodzi taniec, kt\u00f3ry podbi\u0142 \u015bwiat?\r\n<\/span><\/div>","aioseo_breadcrumb_json":[{"label":"Home","link":"https:\/\/perpedual.com\/en"},{"label":"Uncategorized","link":"https:\/\/perpedual.com\/en\/category\/uncategorized\/"},{"label":"Salsa i kuba\u0144skie rytmy. Sk\u0105d\u00a0pochodzi taniec, kt\u00f3ry podbi\u0142 \u015bwiat?","link":"https:\/\/perpedual.com\/en\/salsa-i-kubanski-taniec-skad-sie-wziely-rytmy-ktore-podbijaja-parkiety\/"}],"_links":{"self":[{"href":"https:\/\/perpedual.com\/en\/wp-json\/wp\/v2\/posts\/470","targetHints":{"allow":["GET"]}}],"collection":[{"href":"https:\/\/perpedual.com\/en\/wp-json\/wp\/v2\/posts"}],"about":[{"href":"https:\/\/perpedual.com\/en\/wp-json\/wp\/v2\/types\/post"}],"author":[{"embeddable":true,"href":"https:\/\/perpedual.com\/en\/wp-json\/wp\/v2\/users\/1"}],"replies":[{"embeddable":true,"href":"https:\/\/perpedual.com\/en\/wp-json\/wp\/v2\/comments?post=470"}],"version-history":[{"count":0,"href":"https:\/\/perpedual.com\/en\/wp-json\/wp\/v2\/posts\/470\/revisions"}],"wp:featuredmedia":[{"embeddable":true,"href":"https:\/\/perpedual.com\/en\/wp-json\/wp\/v2\/media\/1013"}],"wp:attachment":[{"href":"https:\/\/perpedual.com\/en\/wp-json\/wp\/v2\/media?parent=470"}],"wp:term":[{"taxonomy":"category","embeddable":true,"href":"https:\/\/perpedual.com\/en\/wp-json\/wp\/v2\/categories?post=470"},{"taxonomy":"post_tag","embeddable":true,"href":"https:\/\/perpedual.com\/en\/wp-json\/wp\/v2\/tags?post=470"}],"curies":[{"name":"wp","href":"https:\/\/api.w.org\/{rel}","templated":true}]}}